{"id":2643,"date":"2026-01-19T08:24:01","date_gmt":"2026-01-19T07:24:01","guid":{"rendered":"http:\/\/www.lafraternelle.info\/Site\/?p=2643"},"modified":"2026-01-19T08:30:19","modified_gmt":"2026-01-19T07:30:19","slug":"assemblee-generale-et-ouverture-des-etangs-2","status":"publish","type":"post","link":"http:\/\/www.lafraternelle.info\/Site\/assemblee-generale-et-ouverture-des-etangs-2\/","title":{"rendered":"Assembl\u00e9e g\u00e9n\u00e9rale et ouverture des \u00e9tangs"},"content":{"rendered":"\t\t<div data-elementor-type=\"wp-post\" data-elementor-id=\"2643\" class=\"elementor elementor-2643\">\n\t\t\t\t<div class=\"elementor-element elementor-element-292ad9d e-flex e-con-boxed e-con e-parent\" data-id=\"292ad9d\" data-element_type=\"container\" data-e-type=\"container\">\n\t\t\t\t\t<div class=\"e-con-inner\">\n\t\t\t\t<div class=\"elementor-element elementor-element-9888ba5 elementor-widget elementor-widget-text-editor\" data-id=\"9888ba5\" data-element_type=\"widget\" data-e-type=\"widget\" data-widget_type=\"text-editor.default\">\n\t\t\t\t<div class=\"elementor-widget-container\">\n\t\t\t\t\t\t\t\t\t<p>Vous trouverez dans cet article les informations utiles concernant la prochaine assembl\u00e9e g\u00e9n\u00e9rale de La Fraternelle ainsi que sur l&rsquo;ouverture des \u00e9tangs de Basse-Ham.<br \/>En esp\u00e9rant vous y voir nombreux !<\/p>\t\t\t\t\t\t\t\t<\/div>\n\t\t\t\t<\/div>\n\t\t\t\t\t<\/div>\n\t\t\t\t<\/div>\n\t\t<div class=\"elementor-element elementor-element-197da69 e-flex e-con-boxed e-con e-parent\" data-id=\"197da69\" data-element_type=\"container\" data-e-type=\"container\">\n\t\t\t\t\t<div class=\"e-con-inner\">\n\t\t\t\t<div class=\"elementor-element elementor-element-d0e4304 elementor-widget elementor-widget-image\" data-id=\"d0e4304\" data-element_type=\"widget\" data-e-type=\"widget\" data-widget_type=\"image.default\">\n\t\t\t\t<div class=\"elementor-widget-container\">\n\t\t\t\t\t\t\t\t\t\t\t\t\t\t\t\t<a href=\"https:\/\/i0.wp.com\/www.lafraternelle.info\/Site\/wp-content\/uploads\/2026\/01\/AG.jpg\" data-elementor-open-lightbox=\"yes\" data-elementor-lightbox-title=\"AG\" data-e-action-hash=\"#elementor-action%3Aaction%3Dlightbox%26settings%3DeyJpZCI6MjY0NSwidXJsIjoiaHR0cDpcL1wvd3d3LmxhZnJhdGVybmVsbGUuaW5mb1wvU2l0ZVwvd3AtY29udGVudFwvdXBsb2Fkc1wvMjAyNlwvMDFcL0FHLmpwZyJ9\">\n\t\t\t\t\t\t\t<img fetchpriority=\"high\" decoding=\"async\" data-attachment-id=\"2645\" data-permalink=\"http:\/\/www.lafraternelle.info\/Site\/assemblee-generale-et-ouverture-des-etangs-2\/ag-2\/\" data-orig-file=\"https:\/\/i0.wp.com\/www.lafraternelle.info\/Site\/wp-content\/uploads\/2026\/01\/AG.jpg?fit=629%2C828\" data-orig-size=\"629,828\" data-comments-opened=\"0\" data-image-meta=\"{&quot;aperture&quot;:&quot;0&quot;,&quot;credit&quot;:&quot;&quot;,&quot;camera&quot;:&quot;&quot;,&quot;caption&quot;:&quot;&quot;,&quot;created_timestamp&quot;:&quot;0&quot;,&quot;copyright&quot;:&quot;&quot;,&quot;focal_length&quot;:&quot;0&quot;,&quot;iso&quot;:&quot;0&quot;,&quot;shutter_speed&quot;:&quot;0&quot;,&quot;title&quot;:&quot;&quot;,&quot;orientation&quot;:&quot;0&quot;}\" data-image-title=\"AG\" data-image-description=\"\" data-image-caption=\"\" data-large-file=\"https:\/\/i0.wp.com\/www.lafraternelle.info\/Site\/wp-content\/uploads\/2026\/01\/AG.jpg?fit=629%2C828\" width=\"629\" height=\"828\" src=\"https:\/\/i0.wp.com\/www.lafraternelle.info\/Site\/wp-content\/uploads\/2026\/01\/AG.jpg?fit=629%2C828\" class=\"attachment-large size-large wp-image-2645\" alt=\"\" srcset=\"https:\/\/i0.wp.com\/www.lafraternelle.info\/Site\/wp-content\/uploads\/2026\/01\/AG.jpg?w=629 629w, https:\/\/i0.wp.com\/www.lafraternelle.info\/Site\/wp-content\/uploads\/2026\/01\/AG.jpg?resize=228%2C300 228w\" sizes=\"(max-width: 629px) 100vw, 629px\" data-attachment-id=\"2645\" data-permalink=\"http:\/\/www.lafraternelle.info\/Site\/assemblee-generale-et-ouverture-des-etangs-2\/ag-2\/\" data-orig-file=\"https:\/\/i0.wp.com\/www.lafraternelle.info\/Site\/wp-content\/uploads\/2026\/01\/AG.jpg?fit=629%2C828\" data-orig-size=\"629,828\" data-comments-opened=\"0\" data-image-meta=\"{&quot;aperture&quot;:&quot;0&quot;,&quot;credit&quot;:&quot;&quot;,&quot;camera&quot;:&quot;&quot;,&quot;caption&quot;:&quot;&quot;,&quot;created_timestamp&quot;:&quot;0&quot;,&quot;copyright&quot;:&quot;&quot;,&quot;focal_length&quot;:&quot;0&quot;,&quot;iso&quot;:&quot;0&quot;,&quot;shutter_speed&quot;:&quot;0&quot;,&quot;title&quot;:&quot;&quot;,&quot;orientation&quot;:&quot;0&quot;}\" data-image-title=\"AG\" data-image-description=\"\" data-image-caption=\"\" data-large-file=\"https:\/\/i0.wp.com\/www.lafraternelle.info\/Site\/wp-content\/uploads\/2026\/01\/AG.jpg?fit=629%2C828\" \/>\t\t\t\t\t\t\t\t<\/a>\n\t\t\t\t\t\t\t\t\t\t\t\t\t\t\t<\/div>\n\t\t\t\t<\/div>\n\t\t\t\t\t<\/div>\n\t\t\t\t<\/div>\n\t\t<div class=\"elementor-element elementor-element-0deea2b e-flex e-con-boxed e-con e-parent\" data-id=\"0deea2b\" data-element_type=\"container\" data-e-type=\"container\">\n\t\t\t\t\t<div class=\"e-con-inner\">\n\t\t\t\t<div class=\"elementor-element elementor-element-34aa9cb elementor-widget elementor-widget-image\" data-id=\"34aa9cb\" data-element_type=\"widget\" data-e-type=\"widget\" data-widget_type=\"image.default\">\n\t\t\t\t<div class=\"elementor-widget-container\">\n\t\t\t\t\t\t\t\t\t\t\t\t\t\t\t\t<a href=\"https:\/\/i0.wp.com\/www.lafraternelle.info\/Site\/wp-content\/uploads\/2026\/01\/Ouverture2026.jpg\" data-elementor-open-lightbox=\"yes\" data-elementor-lightbox-title=\"Ouverture2026\" data-e-action-hash=\"#elementor-action%3Aaction%3Dlightbox%26settings%3DeyJpZCI6MjY0NiwidXJsIjoiaHR0cDpcL1wvd3d3LmxhZnJhdGVybmVsbGUuaW5mb1wvU2l0ZVwvd3AtY29udGVudFwvdXBsb2Fkc1wvMjAyNlwvMDFcL091dmVydHVyZTIwMjYuanBnIn0%3D\">\n\t\t\t\t\t\t\t<img decoding=\"async\" data-attachment-id=\"2646\" data-permalink=\"http:\/\/www.lafraternelle.info\/Site\/assemblee-generale-et-ouverture-des-etangs-2\/ouverture2026\/\" data-orig-file=\"https:\/\/i0.wp.com\/www.lafraternelle.info\/Site\/wp-content\/uploads\/2026\/01\/Ouverture2026.jpg?fit=637%2C901\" data-orig-size=\"637,901\" data-comments-opened=\"0\" data-image-meta=\"{&quot;aperture&quot;:&quot;0&quot;,&quot;credit&quot;:&quot;&quot;,&quot;camera&quot;:&quot;&quot;,&quot;caption&quot;:&quot;&quot;,&quot;created_timestamp&quot;:&quot;0&quot;,&quot;copyright&quot;:&quot;&quot;,&quot;focal_length&quot;:&quot;0&quot;,&quot;iso&quot;:&quot;0&quot;,&quot;shutter_speed&quot;:&quot;0&quot;,&quot;title&quot;:&quot;&quot;,&quot;orientation&quot;:&quot;0&quot;}\" data-image-title=\"Ouverture2026\" data-image-description=\"\" data-image-caption=\"\" data-large-file=\"https:\/\/i0.wp.com\/www.lafraternelle.info\/Site\/wp-content\/uploads\/2026\/01\/Ouverture2026.jpg?fit=637%2C901\" width=\"637\" height=\"901\" src=\"https:\/\/i0.wp.com\/www.lafraternelle.info\/Site\/wp-content\/uploads\/2026\/01\/Ouverture2026.jpg?fit=637%2C901\" class=\"attachment-large size-large wp-image-2646\" alt=\"\" srcset=\"https:\/\/i0.wp.com\/www.lafraternelle.info\/Site\/wp-content\/uploads\/2026\/01\/Ouverture2026.jpg?w=637 637w, https:\/\/i0.wp.com\/www.lafraternelle.info\/Site\/wp-content\/uploads\/2026\/01\/Ouverture2026.jpg?resize=212%2C300 212w\" sizes=\"(max-width: 637px) 100vw, 637px\" data-attachment-id=\"2646\" data-permalink=\"http:\/\/www.lafraternelle.info\/Site\/assemblee-generale-et-ouverture-des-etangs-2\/ouverture2026\/\" data-orig-file=\"https:\/\/i0.wp.com\/www.lafraternelle.info\/Site\/wp-content\/uploads\/2026\/01\/Ouverture2026.jpg?fit=637%2C901\" data-orig-size=\"637,901\" data-comments-opened=\"0\" data-image-meta=\"{&quot;aperture&quot;:&quot;0&quot;,&quot;credit&quot;:&quot;&quot;,&quot;camera&quot;:&quot;&quot;,&quot;caption&quot;:&quot;&quot;,&quot;created_timestamp&quot;:&quot;0&quot;,&quot;copyright&quot;:&quot;&quot;,&quot;focal_length&quot;:&quot;0&quot;,&quot;iso&quot;:&quot;0&quot;,&quot;shutter_speed&quot;:&quot;0&quot;,&quot;title&quot;:&quot;&quot;,&quot;orientation&quot;:&quot;0&quot;}\" data-image-title=\"Ouverture2026\" data-image-description=\"\" data-image-caption=\"\" data-large-file=\"https:\/\/i0.wp.com\/www.lafraternelle.info\/Site\/wp-content\/uploads\/2026\/01\/Ouverture2026.jpg?fit=637%2C901\" \/>\t\t\t\t\t\t\t\t<\/a>\n\t\t\t\t\t\t\t\t\t\t\t\t\t\t\t<\/div>\n\t\t\t\t<\/div>\n\t\t\t\t\t<\/div>\n\t\t\t\t<\/div>\n\t\t\t\t<\/div>\n\t\t","protected":false},"excerpt":{"rendered":"<p>Vous trouverez dans cet article les informations utiles concernant la prochaine assembl\u00e9e g\u00e9n\u00e9rale de La Fraternelle ainsi que sur l&rsquo;ouverture des \u00e9tangs de Basse-Ham.En esp\u00e9rant vous y voir nombreux !<\/p>\n","protected":false},"author":1,"featured_media":782,"comment_status":"closed","ping_status":"closed","sticky":false,"template":"","format":"standard","meta":{"_monsterinsights_skip_tracking":false,"_monsterinsights_sitenote_active":false,"_monsterinsights_sitenote_note":"","_monsterinsights_sitenote_category":0,"site-sidebar-layout":"default","site-content-layout":"","ast-site-content-layout":"default","site-content-style":"default","site-sidebar-style":"default","ast-global-header-display":"","ast-banner-title-visibility":"","ast-main-header-display":"","ast-hfb-above-header-display":"","ast-hfb-below-header-display":"","ast-hfb-mobile-header-display":"","site-post-title":"","ast-breadcrumbs-content":"","ast-featured-img":"disabled","footer-sml-layout":"","ast-disable-related-posts":"","theme-transparent-header-meta":"","adv-header-id-meta":"","stick-header-meta":"","header-above-stick-meta":"","header-main-stick-meta":"","header-below-stick-meta":"","astra-migrate-meta-layouts":"set","ast-page-background-enabled":"default","ast-page-background-meta":{"desktop":{"background-color":"var(--ast-global-color-4)","background-image":"","background-repeat":"repeat","background-position":"center center","background-size":"auto","background-attachment":"scroll","background-type":"","background-media":"","overlay-type":"","overlay-color":"","overlay-opacity":"","overlay-gradient":""},"tablet":{"background-color":"","background-image":"","background-repeat":"repeat","background-position":"center center","background-size":"auto","background-attachment":"scroll","background-type":"","background-media":"","overlay-type":"","overlay-color":"","overlay-opacity":"","overlay-gradient":""},"mobile":{"background-color":"","background-image":"","background-repeat":"repeat","background-position":"center center","background-size":"auto","background-attachment":"scroll","background-type":"","background-media":"","overlay-type":"","overlay-color":"","overlay-opacity":"","overlay-gradient":""}},"ast-content-background-meta":{"desktop":{"background-color":"var(--ast-global-color-5)","background-image":"","background-repeat":"repeat","background-position":"center center","background-size":"auto","background-attachment":"scroll","background-type":"","background-media":"","overlay-type":"","overlay-color":"","overlay-opacity":"","overlay-gradient":""},"tablet":{"background-color":"var(--ast-global-color-5)","background-image":"","background-repeat":"repeat","background-position":"center center","background-size":"auto","background-attachment":"scroll","background-type":"","background-media":"","overlay-type":"","overlay-color":"","overlay-opacity":"","overlay-gradient":""},"mobile":{"background-color":"var(--ast-global-color-5)","background-image":"","background-repeat":"repeat","background-position":"center center","background-size":"auto","background-attachment":"scroll","background-type":"","background-media":"","overlay-type":"","overlay-color":"","overlay-opacity":"","overlay-gradient":""}},"jetpack_post_was_ever_published":false,"_jetpack_newsletter_access":"","_jetpack_dont_email_post_to_subs":false,"_jetpack_newsletter_tier_id":0,"_jetpack_memberships_contains_paywalled_content":false,"_jetpack_memberships_contains_paid_content":false,"footnotes":"","jetpack_publicize_message":"","jetpack_publicize_feature_enabled":true,"jetpack_social_post_already_shared":true,"jetpack_social_options":{"image_generator_settings":{"template":"highway","default_image_id":0,"font":"","enabled":false},"version":2}},"categories":[42],"tags":[],"class_list":["post-2643","post","type-post","status-publish","format-standard","has-post-thumbnail","hentry","category-42"],"jetpack_publicize_connections":[],"jetpack_featured_media_url":"https:\/\/i0.wp.com\/www.lafraternelle.info\/Site\/wp-content\/uploads\/2018\/01\/AG.png?fit=350%2C200","jetpack_sharing_enabled":true,"jetpack_shortlink":"https:\/\/wp.me\/p8cSoL-GD","jetpack-related-posts":[],"_links":{"self":[{"href":"http:\/\/www.lafraternelle.info\/Site\/wp-json\/wp\/v2\/posts\/2643","targetHints":{"allow":["GET"]}}],"collection":[{"href":"http:\/\/www.lafraternelle.info\/Site\/wp-json\/wp\/v2\/posts"}],"about":[{"href":"http:\/\/www.lafraternelle.info\/Site\/wp-json\/wp\/v2\/types\/post"}],"author":[{"embeddable":true,"href":"http:\/\/www.lafraternelle.info\/Site\/wp-json\/wp\/v2\/users\/1"}],"replies":[{"embeddable":true,"href":"http:\/\/www.lafraternelle.info\/Site\/wp-json\/wp\/v2\/comments?post=2643"}],"version-history":[{"count":10,"href":"http:\/\/www.lafraternelle.info\/Site\/wp-json\/wp\/v2\/posts\/2643\/revisions"}],"predecessor-version":[{"id":2655,"href":"http:\/\/www.lafraternelle.info\/Site\/wp-json\/wp\/v2\/posts\/2643\/revisions\/2655"}],"wp:featuredmedia":[{"embeddable":true,"href":"http:\/\/www.lafraternelle.info\/Site\/wp-json\/wp\/v2\/media\/782"}],"wp:attachment":[{"href":"http:\/\/www.lafraternelle.info\/Site\/wp-json\/wp\/v2\/media?parent=2643"}],"wp:term":[{"taxonomy":"category","embeddable":true,"href":"http:\/\/www.lafraternelle.info\/Site\/wp-json\/wp\/v2\/categories?post=2643"},{"taxonomy":"post_tag","embeddable":true,"href":"http:\/\/www.lafraternelle.info\/Site\/wp-json\/wp\/v2\/tags?post=2643"}],"curies":[{"name":"wp","href":"https:\/\/api.w.org\/{rel}","templated":true}]}}